{"id":1595,"date":"2022-01-17T11:53:16","date_gmt":"2022-01-17T11:53:16","guid":{"rendered":"https:\/\/saforsalut.es\/pildora-tecnologica-tecnologia-para-la-deteccion-precoz-de-enfermedades\/"},"modified":"2023-01-30T15:52:15","modified_gmt":"2023-01-30T15:52:15","slug":"pildora-tecnologica-tecnologia-para-la-deteccion-precoz-de-enfermedades","status":"publish","type":"post","link":"https:\/\/saforsalut.es\/ca\/pildora-tecnologica-tecnologia-para-la-deteccion-precoz-de-enfermedades\/","title":{"rendered":"P\u00edndola tecnol\u00f2gica: Tecnologies per a la detecci\u00f3 preco\u00e7 de malalties"},"content":{"rendered":"\t\t<div data-elementor-type=\"wp-post\" data-elementor-id=\"1595\" class=\"elementor elementor-1595\">\n\t\t\t\t\t\t\t\t\t<section class=\"elementor-section elementor-top-section elementor-element elementor-element-347cd3ba elementor-section-content-middle elementor-reverse-mobile elementor-section-boxed elementor-section-height-default elementor-section-height-default\" data-id=\"347cd3ba\" data-element_type=\"section\">\n\t\t\t\t\t\t<div class=\"elementor-container elementor-column-gap-no\">\n\t\t\t\t\t<div class=\"elementor-column elementor-col-50 elementor-top-column elementor-element elementor-element-5f2831f0\" data-id=\"5f2831f0\" data-element_type=\"column\">\n\t\t\t<div class=\"elementor-widget-wrap elementor-element-populated\">\n\t\t\t\t\t\t\t\t<div class=\"elementor-element elementor-element-371392f2 elementor-widget elementor-widget-text-editor\" data-id=\"371392f2\" data-element_type=\"widget\" data-widget_type=\"text-editor.default\">\n\t\t\t\t<div class=\"elementor-widget-container\">\n\t\t\t\t\t\t\t<p><strong>P\u00edndola tecnol\u00f2gica sobre tecnologies per a la detecci\u00f3 preco\u00e7&nbsp;de malalties,&nbsp;<\/strong>el&nbsp;<strong>dijous 28 d\u2019octubre de 2021<\/strong>,&nbsp;<strong>de 13.00 a 14.30 hores<\/strong>, a trav\u00e9s de la plataforma en l\u00ednia&nbsp;<strong>zoom<\/strong>.<\/p>\n<p id=\"block-e082fae4-c268-4e91-82fd-f337be789ea7\">La pand\u00e8mia de la Covid-19 ha posat en relleu la import\u00e0ncia de comptar amb un&nbsp;sistema sanitari robust,&nbsp;dotat dels recursos i mitjans t\u00e8cnics necessaris per a atendre la ciutadania. Una crisi sanit\u00e0ria com l\u2019actual agreuja els problemes de llistes d\u2019espera, alenteix proves, la situaci\u00f3 de pacients cr\u00f2nics i redueix les visites m\u00e8diques per malalties m\u00e9s enll\u00e0 del coronavirus. D\u2019ac\u00ed la import\u00e0ncia de comptar amb&nbsp;solucions tecnol\u00f2giques que ajuden la detecci\u00f3 preco\u00e7&nbsp;de malalties i patologies.<\/p>\n<p id=\"block-fcea5995-2f54-4d13-b3cb-b9a6991c64c2\">En l\u2019actualitat existeixen molts dispositius i aplicacions a aquest efecte, a m\u00e9s de la possibilitat de desenvolupament de solucions a mesura per a cada malaltia, i que&nbsp;<strong>permetran una millora de la qualitat assistencial i de la gesti\u00f3 hospital\u00e0ria<\/strong>. En aquests moments disposem de les capacitats cient\u00edfiques i tecnol\u00f2giques per a resoldre quasi qualsevol repte i integrar solucions disruptives. Tan sols falta identificar els casos d\u2019inter\u00e8s.<\/p>\n<p id=\"block-e4edf0bb-53ea-4b06-bd92-e50973f8f7b0\">L\u2019esdeveniment t\u00e9 per objectiu&nbsp;<strong>aportar informaci\u00f3 que incentive la creaci\u00f3 de nous projectes d\u2019investigaci\u00f3 i innovaci\u00f3 col\u00b7laboratius&nbsp;<\/strong>basats en aquesta tecnologia.<\/p>\n<p id=\"block-2cbb7468-793f-4ccf-8d67-365de7e7652d\">Per a aix\u00f2, s\u2019abordaran els conceptes b\u00e0sics de la tecnologia relacionada amb la detecci\u00f3 preco\u00e7 (tecnologia fot\u00f2nica, intel\u00b7lig\u00e8ncia artificial, apps\u2026) aplicats al sector sanitari i s\u2019analitzaran els desenvolupaments i els l\u00edmits tecnol\u00f2gics existents a trav\u00e9s d\u2019exemples de d\u2019\u00e8xit.<\/p>\n<p id=\"block-b07e6d7f-cc9a-4f3e-a803-e45016cfd8e3\">La jornada est\u00e0 dirigida al personal investigador del Campus de Gandia (UPV), personal sanitari del Departament de Salud de Gandia i de l\u2019Hospital la Pedrera, empreses de la Safor i associacions de pacients.<\/p>\t\t\t\t\t\t<\/div>\n\t\t\t\t<\/div>\n\t\t\t\t\t<\/div>\n\t\t<\/div>\n\t\t\t\t<div class=\"elementor-column elementor-col-50 elementor-top-column elementor-element elementor-element-5a9d156a\" data-id=\"5a9d156a\" data-element_type=\"column\">\n\t\t\t<div class=\"elementor-widget-wrap elementor-element-populated\">\n\t\t\t\t\t\t\t\t<div class=\"elementor-element elementor-element-49f73451 elementor-widget elementor-widget-image\" data-id=\"49f73451\" data-element_type=\"widget\" data-widget_type=\"image.default\">\n\t\t\t\t<div class=\"elementor-widget-container\">\n\t\t\t\t\t\t\t\t\t\t\t\t\t\t\t<img decoding=\"async\" width=\"1199\" height=\"848\" src=\"https:\/\/saforsalut.es\/wp-content\/uploads\/2022\/01\/Programa-Pildora-Deteccion-Precoz-1.jpg\" class=\"attachment-full size-full wp-image-1574\" alt=\"\" loading=\"lazy\" srcset=\"https:\/\/saforsalut.es\/wp-content\/uploads\/2022\/01\/Programa-Pildora-Deteccion-Precoz-1.jpg 1199w, https:\/\/saforsalut.es\/wp-content\/uploads\/2022\/01\/Programa-Pildora-Deteccion-Precoz-1-300x212.jpg 300w, https:\/\/saforsalut.es\/wp-content\/uploads\/2022\/01\/Programa-Pildora-Deteccion-Precoz-1-1024x724.jpg 1024w, https:\/\/saforsalut.es\/wp-content\/uploads\/2022\/01\/Programa-Pildora-Deteccion-Precoz-1-768x543.jpg 768w\" sizes=\"(max-width: 1199px) 100vw, 1199px\" \/>\t\t\t\t\t\t\t\t\t\t\t\t\t\t\t<\/div>\n\t\t\t\t<\/div>\n\t\t\t\t<div class=\"elementor-element elementor-element-da2c488 elementor-widget elementor-widget-video\" data-id=\"da2c488\" data-element_type=\"widget\" data-settings=\"{&quot;youtube_url&quot;:&quot;https:\\\/\\\/youtu.be\\\/BKSjVIagZRc&quot;,&quot;video_type&quot;:&quot;youtube&quot;,&quot;controls&quot;:&quot;yes&quot;}\" data-widget_type=\"video.default\">\n\t\t\t\t<div class=\"elementor-widget-container\">\n\t\t\t\t\t<div class=\"elementor-wrapper elementor-open-inline\">\n\t\t\t<div class=\"elementor-video\"><\/div>\t\t<\/div>\n\t\t\t\t<\/div>\n\t\t\t\t<\/div>\n\t\t\t\t<div class=\"elementor-element elementor-element-b10a8a1 elementor-widget elementor-widget-html\" data-id=\"b10a8a1\" data-element_type=\"widget\" data-widget_type=\"html.default\">\n\t\t\t\t<div class=\"elementor-widget-container\">\n\t\t\t<iframe loading=\"lazy\" src=\"\/\/www.slideshare.net\/slideshow\/embed_code\/key\/1jhTQWgAI595y0\" width=\"595\" height=\"485\" frameborder=\"0\" marginwidth=\"0\" marginheight=\"0\" scrolling=\"no\" style=\"border:1px solid #CCC; border-width:1px; margin-bottom:5px; max-width: 100%;\" allowfullscreen> <\/iframe>\t\t<\/div>\n\t\t\t\t<\/div>\n\t\t\t\t\t<\/div>\n\t\t<\/div>\n\t\t\t\t\t\t\t<\/div>\n\t\t<\/section>\n\t\t\t\t<section class=\"elementor-section elementor-top-section elementor-element elementor-element-4e569fb elementor-section-boxed elementor-section-height-default elementor-section-height-default\" data-id=\"4e569fb\" data-element_type=\"section\">\n\t\t\t\t\t\t<div class=\"elementor-container elementor-column-gap-default\">\n\t\t\t\t\t<div class=\"elementor-column elementor-col-100 elementor-top-column elementor-element elementor-element-7184869\" data-id=\"7184869\" data-element_type=\"column\">\n\t\t\t<div class=\"elementor-widget-wrap elementor-element-populated\">\n\t\t\t\t\t\t\t\t<div class=\"elementor-element elementor-element-d844945 elementor-widget-divider--view-line_icon elementor-view-default elementor-widget-divider--element-align-center elementor-widget elementor-widget-divider\" data-id=\"d844945\" data-element_type=\"widget\" data-widget_type=\"divider.default\">\n\t\t\t\t<div class=\"elementor-widget-container\">\n\t\t\t\t\t<div class=\"elementor-divider\">\n\t\t\t<span class=\"elementor-divider-separator\">\n\t\t\t\t\t\t\t<div class=\"elementor-icon elementor-divider__element\">\n\t\t\t\t\t<i aria-hidden=\"true\" class=\"fas fa-calendar-check\"><\/i><\/div>\n\t\t\t\t\t\t<\/span>\n\t\t<\/div>\n\t\t\t\t<\/div>\n\t\t\t\t<\/div>\n\t\t\t\t\t<\/div>\n\t\t<\/div>\n\t\t\t\t\t\t\t<\/div>\n\t\t<\/section>\n\t\t\t\t\t\t\t<\/div>\n\t\t","protected":false},"excerpt":{"rendered":"<p>P\u00edndola tecnol\u00f2gica sobre tecnologies per a la detecci\u00f3 preco\u00e7&nbsp;de malalties,&nbsp;el&nbsp;dijous 28 d\u2019octubre de 2021,&nbsp;de 13.00 a 14.30 hores, a trav\u00e9s de la plataforma en l\u00ednia&nbsp;zoom. La pand\u00e8mia de la Covid-19 ha posat en relleu la import\u00e0ncia de comptar amb un&nbsp;sistema sanitari robust,&nbsp;dotat dels recursos i mitjans t\u00e8cnics necessaris per a&hellip;<\/p>\n","protected":false},"author":1,"featured_media":0,"comment_status":"closed","ping_status":"closed","sticky":false,"template":"","format":"standard","meta":[],"categories":[1],"tags":[],"_links":{"self":[{"href":"https:\/\/saforsalut.es\/ca\/wp-json\/wp\/v2\/posts\/1595"}],"collection":[{"href":"https:\/\/saforsalut.es\/ca\/wp-json\/wp\/v2\/posts"}],"about":[{"href":"https:\/\/saforsalut.es\/ca\/wp-json\/wp\/v2\/types\/post"}],"author":[{"embeddable":true,"href":"https:\/\/saforsalut.es\/ca\/wp-json\/wp\/v2\/users\/1"}],"replies":[{"embeddable":true,"href":"https:\/\/saforsalut.es\/ca\/wp-json\/wp\/v2\/comments?post=1595"}],"version-history":[{"count":7,"href":"https:\/\/saforsalut.es\/ca\/wp-json\/wp\/v2\/posts\/1595\/revisions"}],"predecessor-version":[{"id":3157,"href":"https:\/\/saforsalut.es\/ca\/wp-json\/wp\/v2\/posts\/1595\/revisions\/3157"}],"wp:attachment":[{"href":"https:\/\/saforsalut.es\/ca\/wp-json\/wp\/v2\/media?parent=1595"}],"wp:term":[{"taxonomy":"category","embeddable":true,"href":"https:\/\/saforsalut.es\/ca\/wp-json\/wp\/v2\/categories?post=1595"},{"taxonomy":"post_tag","embeddable":true,"href":"https:\/\/saforsalut.es\/ca\/wp-json\/wp\/v2\/tags?post=1595"}],"curies":[{"name":"wp","href":"https:\/\/api.w.org\/{rel}","templated":true}]}}